{"id":1241,"date":"2023-01-03T20:18:32","date_gmt":"2023-01-03T20:18:32","guid":{"rendered":"https:\/\/educacionalhue.cl\/portal\/?p=1241"},"modified":"2023-01-03T20:18:34","modified_gmt":"2023-01-03T20:18:34","slug":"taller-de-ballet-2022","status":"publish","type":"post","link":"https:\/\/educacionalhue.cl\/portal\/2023\/01\/03\/taller-de-ballet-2022\/","title":{"rendered":"Taller de Ballet 2022"},"content":{"rendered":"\n<p>Con gran \u00e9xito se realiz\u00f3 Gala del Taller de Ballet 2022<img loading=\"lazy\" decoding=\"async\" height=\"16\" width=\"16\" alt=\"\ud83e\ude70\" src=\"https:\/\/static.xx.fbcdn.net\/images\/emoji.php\/v9\/t12\/1\/16\/1fa70.png\"><\/p>\n\n\n\n<p>La actividad se realiz\u00f3 en el Gimnasio Municipal y cont\u00f3 con la participaci\u00f3n del Alcalde Roberto Torres Huerta junto a los concejales Marco Urbano, Carmen Gloria Espinoza, Roberto Aravena y Alex Riquelme, adem\u00e1s de la entusiasta asistencia de padres y apoderados de ni\u00f1as y ni\u00f1os asistentes a este taller<img loading=\"lazy\" decoding=\"async\" height=\"16\" width=\"16\" alt=\"\ud83d\ude4b\u200d\u2642\ufe0f\" src=\"https:\/\/static.xx.fbcdn.net\/images\/emoji.php\/v9\/tac\/1\/16\/1f64b_200d_2642.png\"><img loading=\"lazy\" decoding=\"async\" height=\"16\" width=\"16\" alt=\"\ud83d\ude4b\u200d\u2640\ufe0f\" src=\"https:\/\/static.xx.fbcdn.net\/images\/emoji.php\/v9\/taa\/1\/16\/1f64b_200d_2640.png\"><\/p>\n\n\n\n<p>En la ocasi\u00f3n se realiz\u00f3 la presentaci\u00f3n de El Cascanueces, uno de los m\u00e1s maravillosos y famosos ballets <a><\/a>del mundo<img loading=\"lazy\" decoding=\"async\" height=\"16\" width=\"16\" alt=\"\ud83d\udc82\u200d\u2642\ufe0f\" src=\"https:\/\/static.xx.fbcdn.net\/images\/emoji.php\/v9\/tf6\/1\/16\/1f482_200d_2642.png\"><\/p>\n\n\n\n<p>La versi\u00f3n coreogr\u00e1fica presentada fue creada por Jocelyn Barrios, bailarina profesional y profesora de Ballet, quien ha sido la monitora del taller en nuestra comuna durante el segundo semestre.<\/p>\n\n\n\n<p>El desarrollo integral de los estudiantes de la comuna, ha sido una de las preocupaciones y pol\u00edticas de nuestra autoridad comunal, es as\u00ed, como a trav\u00e9s del Departamento de Educaci\u00f3n es que se desarrollan los Talleres Extraescolares.<\/p>\n\n\n\n<p>Los talleres, son una instancia que favorecen al desarrollo integral de los estudiantes, mediante el est\u00edmulo del desarrollo de diversas habilidades, capacidades y\/o talentos de ni\u00f1as y ni\u00f1os de la comuna.<\/p>\n\n\n\n<p>El Taller Extraescolar de Ballet est\u00e1 en funcionamiento desde el a\u00f1o 2016, teniendo una interrupci\u00f3n de dos a\u00f1os por Pandemia.<\/p>\n\n\n\n<p>Este a\u00f1o, desde septiembre, se retom\u00f3 este taller con la exitosa participaci\u00f3n de m\u00e1s de 50 estudiantes de los distintos establecimientos educacionales de nuestra comuna, quienes fueron las encargadas de esta hermosa gala.<\/p>\n\n\n\n<p>Adem\u00e1s, como invitados especiales en la actividad, se cont\u00f3 con la destacada participaci\u00f3n el Ballet Nacional de C\u00e1mara Chileno, que es una Compa\u00f1\u00eda de Ballet profesional que tuvo a su cargo la Presentaci\u00f3n del Segundo Acto de El Cascanueces.<\/p>\n\n\n\n<p><img loading=\"lazy\" decoding=\"async\" height=\"16\" width=\"16\" alt=\"\u2705\" src=\"https:\/\/static.xx.fbcdn.net\/images\/emoji.php\/v9\/t33\/1\/16\/2705.png\">Cabe consignar, que cada participante del taller de ballet recibi\u00f3 al t\u00e9rmino de la gala un diploma de reconocimiento por su destacado trabajo durante el segundo semestre de este a\u00f1o.<\/p>\n\n\n<div class=\"wp-block-image\">\n<figure class=\"aligncenter size-large is-resized\"><img decoding=\"async\" src=\"https:\/\/educacionalhue.cl\/portal\/wp-content\/uploads\/2023\/01\/322805296_561671685461090_4897040896913138891_n-1024x684.jpg\" alt=\"\" class=\"wp-image-1242\" width=\"-39\" height=\"-26\" srcset=\"https:\/\/educacionalhue.cl\/portal\/wp-content\/uploads\/2023\/01\/322805296_561671685461090_4897040896913138891_n-1024x684.jpg 1024w, https:\/\/educacionalhue.cl\/portal\/wp-content\/uploads\/2023\/01\/322805296_561671685461090_4897040896913138891_n-300x200.jpg 300w, https:\/\/educacionalhue.cl\/portal\/wp-content\/uploads\/2023\/01\/322805296_561671685461090_4897040896913138891_n-768x513.jpg 768w, https:\/\/educacionalhue.cl\/portal\/wp-content\/uploads\/2023\/01\/322805296_561671685461090_4897040896913138891_n-1536x1025.jpg 1536w, https:\/\/educacionalhue.cl\/portal\/wp-content\/uploads\/2023\/01\/322805296_561671685461090_4897040896913138891_n-360x240.jpg 360w, https:\/\/educacionalhue.cl\/portal\/wp-content\/uploads\/2023\/01\/322805296_561671685461090_4897040896913138891_n.jpg 2048w\" sizes=\"(max-width: 1024px) 100vw, 1024px\" \/><\/figure>\n<\/div>","protected":false},"excerpt":{"rendered":"<p>Con gran \u00e9xito se realiz\u00f3 Gala del Taller de Ballet 2022 La actividad se realiz\u00f3 en el Gimnasio Municipal y <a href=\"https:\/\/educacionalhue.cl\/portal\/2023\/01\/03\/taller-de-ballet-2022\/\" class=\"read-more\">Leer m\u00e1s&#8230;<\/a><\/p>\n","protected":false},"author":2,"featured_media":0,"comment_status":"closed","ping_status":"closed","sticky":false,"template":"","format":"image","meta":{"_joinchat":[],"footnotes":""},"categories":[1],"tags":[],"class_list":["post-1241","post","type-post","status-publish","format-image","hentry","category-uncategorized","post_format-post-format-image"],"_links":{"self":[{"href":"https:\/\/educacionalhue.cl\/portal\/wp-json\/wp\/v2\/posts\/1241","targetHints":{"allow":["GET"]}}],"collection":[{"href":"https:\/\/educacionalhue.cl\/portal\/wp-json\/wp\/v2\/posts"}],"about":[{"href":"https:\/\/educacionalhue.cl\/portal\/wp-json\/wp\/v2\/types\/post"}],"author":[{"embeddable":true,"href":"https:\/\/educacionalhue.cl\/portal\/wp-json\/wp\/v2\/users\/2"}],"replies":[{"embeddable":true,"href":"https:\/\/educacionalhue.cl\/portal\/wp-json\/wp\/v2\/comments?post=1241"}],"version-history":[{"count":1,"href":"https:\/\/educacionalhue.cl\/portal\/wp-json\/wp\/v2\/posts\/1241\/revisions"}],"predecessor-version":[{"id":1243,"href":"https:\/\/educacionalhue.cl\/portal\/wp-json\/wp\/v2\/posts\/1241\/revisions\/1243"}],"wp:attachment":[{"href":"https:\/\/educacionalhue.cl\/portal\/wp-json\/wp\/v2\/media?parent=1241"}],"wp:term":[{"taxonomy":"category","embeddable":true,"href":"https:\/\/educacionalhue.cl\/portal\/wp-json\/wp\/v2\/categories?post=1241"},{"taxonomy":"post_tag","embeddable":true,"href":"https:\/\/educacionalhue.cl\/portal\/wp-json\/wp\/v2\/tags?post=1241"}],"curies":[{"name":"wp","href":"https:\/\/api.w.org\/{rel}","templated":true}]}}