{"id":1238,"date":"2023-01-03T20:16:58","date_gmt":"2023-01-03T20:16:58","guid":{"rendered":"https:\/\/educacionalhue.cl\/portal\/?p=1238"},"modified":"2023-01-03T20:17:01","modified_gmt":"2023-01-03T20:17:01","slug":"certificacion-del-cuarto-medio-laboral","status":"publish","type":"post","link":"https:\/\/educacionalhue.cl\/portal\/2023\/01\/03\/certificacion-del-cuarto-medio-laboral\/","title":{"rendered":"Certificaci\u00f3n del Cuarto Medio Laboral"},"content":{"rendered":"\n<p>Destacado logro<\/p>\n\n\n\n<p>Durante esta jornada se llev\u00f3 a cabo la Certificaci\u00f3n del Cuarto Medio Laboral para 46 vecinos de nuestra comuna, con el objetivo de tener mayores oportunidades de desarrollo<img loading=\"lazy\" decoding=\"async\" height=\"16\" width=\"16\" alt=\"\ud83d\udc68\u200d\ud83c\udf93\" src=\"https:\/\/static.xx.fbcdn.net\/images\/emoji.php\/v9\/tb2\/1\/16\/1f468_200d_1f393.png\"><img loading=\"lazy\" decoding=\"async\" height=\"16\" width=\"16\" alt=\"\ud83d\udc69\u200d\ud83c\udf93\" src=\"https:\/\/static.xx.fbcdn.net\/images\/emoji.php\/v9\/t91\/1\/16\/1f469_200d_1f393.png\"><\/p>\n\n\n\n<p>En la ceremonia estuvieron presentes familiares y seres queridos de cada una de las personas que obtuvo esta certificaci\u00f3n, adem\u00e1s de la jefa de Gabinete del Alcalde Roberto Torres Huerta, Carla Meza; el jefe (s) del Departamento de Educaci\u00f3n, Osvaldo Tobar; la encargada de la <a><\/a>Oficina de Desarrollo Econ\u00f3mico Local (ODEL), Karina Cort\u00e9s, entre otros asistentes.<\/p>\n\n\n\n<p><img loading=\"lazy\" decoding=\"async\" height=\"16\" width=\"16\" alt=\"\u2705\" src=\"https:\/\/static.xx.fbcdn.net\/images\/emoji.php\/v9\/t33\/1\/16\/2705.png\">Cabe destacar, que esta nivelaci\u00f3n de estudios laborales se materializ\u00f3 tras una gesti\u00f3n de nuestro municipio, a trav\u00e9s de la Oficina Municipal de Intermediaci\u00f3n Laboral (OMIL) y el Departamento de Educaci\u00f3n.<\/p>\n\n\n\n<p>Muchas felicidades<img loading=\"lazy\" decoding=\"async\" height=\"16\" width=\"16\" alt=\"\ud83c\udf89\" src=\"https:\/\/static.xx.fbcdn.net\/images\/emoji.php\/v9\/t8c\/1\/16\/1f389.png\"><img loading=\"lazy\" decoding=\"async\" height=\"16\" width=\"16\" alt=\"\ud83d\udc4f\" src=\"https:\/\/static.xx.fbcdn.net\/images\/emoji.php\/v9\/tfe\/1\/16\/1f44f.png\"><\/p>\n\n\n<div class=\"wp-block-image\">\n<figure class=\"aligncenter size-large is-resized\"><img loading=\"lazy\" decoding=\"async\" src=\"https:\/\/educacionalhue.cl\/portal\/wp-content\/uploads\/2023\/01\/322839076_6392782297403651_3174366760540720568_n-1024x684.jpg\" alt=\"\" class=\"wp-image-1239\" width=\"614\" height=\"409\" srcset=\"https:\/\/educacionalhue.cl\/portal\/wp-content\/uploads\/2023\/01\/322839076_6392782297403651_3174366760540720568_n-1024x684.jpg 1024w, https:\/\/educacionalhue.cl\/portal\/wp-content\/uploads\/2023\/01\/322839076_6392782297403651_3174366760540720568_n-300x200.jpg 300w, https:\/\/educacionalhue.cl\/portal\/wp-content\/uploads\/2023\/01\/322839076_6392782297403651_3174366760540720568_n-768x513.jpg 768w, https:\/\/educacionalhue.cl\/portal\/wp-content\/uploads\/2023\/01\/322839076_6392782297403651_3174366760540720568_n-1536x1025.jpg 1536w, https:\/\/educacionalhue.cl\/portal\/wp-content\/uploads\/2023\/01\/322839076_6392782297403651_3174366760540720568_n-360x240.jpg 360w, https:\/\/educacionalhue.cl\/portal\/wp-content\/uploads\/2023\/01\/322839076_6392782297403651_3174366760540720568_n.jpg 2048w\" sizes=\"auto, (max-width: 614px) 100vw, 614px\" \/><\/figure>\n<\/div>","protected":false},"excerpt":{"rendered":"<p>Destacado logro Durante esta jornada se llev\u00f3 a cabo la Certificaci\u00f3n del Cuarto Medio Laboral para 46 vecinos de nuestra <a href=\"https:\/\/educacionalhue.cl\/portal\/2023\/01\/03\/certificacion-del-cuarto-medio-laboral\/\" class=\"read-more\">Leer m\u00e1s&#8230;<\/a><\/p>\n","protected":false},"author":2,"featured_media":0,"comment_status":"closed","ping_status":"closed","sticky":false,"template":"","format":"image","meta":{"_joinchat":[],"footnotes":""},"categories":[1],"tags":[],"class_list":["post-1238","post","type-post","status-publish","format-image","hentry","category-uncategorized","post_format-post-format-image"],"_links":{"self":[{"href":"https:\/\/educacionalhue.cl\/portal\/wp-json\/wp\/v2\/posts\/1238","targetHints":{"allow":["GET"]}}],"collection":[{"href":"https:\/\/educacionalhue.cl\/portal\/wp-json\/wp\/v2\/posts"}],"about":[{"href":"https:\/\/educacionalhue.cl\/portal\/wp-json\/wp\/v2\/types\/post"}],"author":[{"embeddable":true,"href":"https:\/\/educacionalhue.cl\/portal\/wp-json\/wp\/v2\/users\/2"}],"replies":[{"embeddable":true,"href":"https:\/\/educacionalhue.cl\/portal\/wp-json\/wp\/v2\/comments?post=1238"}],"version-history":[{"count":1,"href":"https:\/\/educacionalhue.cl\/portal\/wp-json\/wp\/v2\/posts\/1238\/revisions"}],"predecessor-version":[{"id":1240,"href":"https:\/\/educacionalhue.cl\/portal\/wp-json\/wp\/v2\/posts\/1238\/revisions\/1240"}],"wp:attachment":[{"href":"https:\/\/educacionalhue.cl\/portal\/wp-json\/wp\/v2\/media?parent=1238"}],"wp:term":[{"taxonomy":"category","embeddable":true,"href":"https:\/\/educacionalhue.cl\/portal\/wp-json\/wp\/v2\/categories?post=1238"},{"taxonomy":"post_tag","embeddable":true,"href":"https:\/\/educacionalhue.cl\/portal\/wp-json\/wp\/v2\/tags?post=1238"}],"curies":[{"name":"wp","href":"https:\/\/api.w.org\/{rel}","templated":true}]}}